{"id":3154,"__str__":"Parecer da Comiss\u00e3o de Educa\u00e7\u00e3o - PARECER de 31/08/2022 por membros da Comiss\u00e3o de Educa\u00e7\u00e3o","metadata":{},"nome":"PARECER","data":"2022-08-31","autor":"membros da Comiss\u00e3o de Educa\u00e7\u00e3o","ementa":"","indexacao":"","arquivo":"http://saplteste.ceosbrasil.com.br/media/sapl/public/documentoacessorio/2022/3154/projeto_lei_complementar_15-2022_parecer_educacao.pdf","data_ultima_atualizacao":"2022-09-05T15:12:48.147355-03:00","materia":14713,"tipo":7}