{"id":5025,"__str__":"An\u00e1lise Jur\u00eddica - An\u00e1lise Jur\u00eddica de 05/08/2025 por M\u00e1rcio Junior de Oliveira","metadata":{},"nome":"An\u00e1lise Jur\u00eddica","data":"2025-08-05","autor":"M\u00e1rcio Junior de Oliveira","ementa":"An\u00e1lise do Projeto de Decreto Legislativo n\u00ba 04/2025, conforme disp\u00f5e a parte final do art. 50, do Regimento Interno","indexacao":"","arquivo":"http://saplteste.ceosbrasil.com.br/media/sapl/public/documentoacessorio/2025/5025/aj_ao_pdl_04-25.pdf","data_ultima_atualizacao":"2025-08-05T16:55:36.433138-03:00","materia":16792,"tipo":11}