{"id":12228,"__str__":"Indica\u00e7\u00e3o n\u00ba 91 de 2018","metadata":{},"numero":91,"ano":2018,"numero_protocolo":338,"data_apresentacao":"2018-05-29","tipo_apresentacao":"E","data_publicacao":null,"numero_origem_externa":"","ano_origem_externa":null,"data_origem_externa":null,"apelido":"","dias_prazo":null,"data_fim_prazo":null,"em_tramitacao":false,"polemica":null,"objeto":"","complementar":null,"ementa":"INDICA AO SENHOR PREFEITO MUNICIPAL, SEJA DETERMINADO A VERIFICA\u00c7\u00c3O JUNTO AO GOVERNO DO ESTADO DE S\u00c3O PAULO, A POSSIBILIDADE DE TRAZER A &#8220;CARRETA M\u00d3VEL DO POUPA TEMPO&#8221; AO NOSSO MUNIC\u00cdPIO, TR\u00caS VEZES AO ANO, NO BAIRRO S\u00c3O JOS\u00c9,  PRA\u00c7A DA BANDEIRA E BAIRRO PARAN\u00c1, POSSIBILITANDO ASSIM O ATENDIMENTO DE TODOS OS MORADORES DE NOSSA CIDADE.","indexacao":"","observacao":"","resultado":"","texto_original":"http://saplteste.ceosbrasil.com.br/media/sapl/public/migrado/materia/12228_texto_integral.pdf","data_ultima_atualizacao":"2025-04-23T08:02:10.324713-03:00","ip":"","ultima_edicao":null,"tipo":8,"regime_tramitacao":1,"tipo_origem_externa":null,"local_origem_externa":null,"user":null,"anexadas":[],"autores":[182]}