{"id":12344,"__str__":"Indica\u00e7\u00e3o n\u00ba 132 de 2018","metadata":{},"numero":132,"ano":2018,"numero_protocolo":479,"data_apresentacao":"2018-07-16","tipo_apresentacao":"E","data_publicacao":null,"numero_origem_externa":"","ano_origem_externa":null,"data_origem_externa":null,"apelido":"","dias_prazo":null,"data_fim_prazo":null,"em_tramitacao":false,"polemica":null,"objeto":"","complementar":null,"ementa":"INDICA AO SENHOR PREFEITO MUNICIPAL, A INSTALA\u00c7\u00c3O DE PLACAS INDICATIVAS NAS VAGAS DE ESTACIONAMENTO RESERVADAS AOS IDOSOS E AOS DEFICIENTES F\u00cdSICOS EM TORNO DA PRA\u00c7A DA MATRIZ.","indexacao":"","observacao":"","resultado":"","texto_original":"http://saplteste.ceosbrasil.com.br/media/sapl/public/migrado/materia/12344_texto_integral.pdf","data_ultima_atualizacao":"2025-04-23T08:02:12.811732-03:00","ip":"","ultima_edicao":null,"tipo":8,"regime_tramitacao":1,"tipo_origem_externa":null,"local_origem_externa":null,"user":null,"anexadas":[],"autores":[186]}