{"id":13755,"__str__":"Indica\u00e7\u00e3o n\u00ba 42 de 2021","metadata":{},"numero":42,"ano":2021,"numero_protocolo":55,"data_apresentacao":"2021-01-26","tipo_apresentacao":"E","data_publicacao":null,"numero_origem_externa":"","ano_origem_externa":null,"data_origem_externa":null,"apelido":"","dias_prazo":null,"data_fim_prazo":null,"em_tramitacao":false,"polemica":null,"objeto":"","complementar":null,"ementa":"INDICA AO SENHOR PREFEITO MUNICIPAL, PARA QUE INTERCEDA JUNTO \u00c0 SECRETARIA DA EDUCA\u00c7\u00c3O E A SECRETARIA DE ADMINISTRA\u00c7\u00c3O DA MUNICIPALIDADE, NO SENTIDO DE PROVIDENCIAR, COM A URG\u00caNCIA QUE O CASO REQUER,  A CRIA\u00c7\u00c3O DOS CARGOS DE PSIC\u00d3LOGO E ASSISTENTE SOCIAL PARA ATUAREM NAS ESCOLAS MUNICIPAIS, CONFORME PRECONIZA A LEI N. 13.935/2019.","indexacao":"","observacao":"","resultado":"","texto_original":"http://saplteste.ceosbrasil.com.br/media/sapl/public/migrado/materia/13755_texto_integral.pdf","data_ultima_atualizacao":"2025-04-23T08:02:36.751392-03:00","ip":"","ultima_edicao":null,"tipo":8,"regime_tramitacao":1,"tipo_origem_externa":null,"local_origem_externa":null,"user":null,"anexadas":[],"autores":[189,191]}