{"id":15006,"__str__":"Aut\u00f3grafo n\u00ba 16 de 2023","metadata":{},"numero":16,"ano":2023,"numero_protocolo":null,"data_apresentacao":"2023-03-07","tipo_apresentacao":"","data_publicacao":null,"numero_origem_externa":"","ano_origem_externa":null,"data_origem_externa":null,"apelido":"","dias_prazo":null,"data_fim_prazo":null,"em_tramitacao":false,"polemica":false,"objeto":"","complementar":false,"ementa":"Altera o \u00a71\u00ba do art. 3\u00ba e o caput do art. 5\u00ba, da Lei Municipal n\u00ba 2.973, de 02 de agosto de 2021, que institui o Programa de Capacita\u00e7\u00e3o, Qualifica\u00e7\u00e3o Profissional e Aux\u00edlio Emergencial ao Desempregado, denominado \u201cFrente de Trabalho Municipal\u201d, e d\u00e1 outras provid\u00eancias.","indexacao":"","observacao":"","resultado":"","texto_original":"http://saplteste.ceosbrasil.com.br/media/sapl/public/materialegislativa/2023/15006/autografo_no_016_de_2023.pdf","data_ultima_atualizacao":"2023-03-14T10:09:19.773953-03:00","ip":"187.73.222.47","ultima_edicao":"2023-03-09T11:24:55.952833-03:00","tipo":24,"regime_tramitacao":1,"tipo_origem_externa":null,"local_origem_externa":null,"user":7,"anexadas":[],"autores":[176]}