{"id":15245,"__str__":"Projeto de Lei Complementar n\u00ba 16 de 2023","metadata":{},"numero":16,"ano":2023,"numero_protocolo":1013,"data_apresentacao":"2023-09-04","tipo_apresentacao":"","data_publicacao":null,"numero_origem_externa":"","ano_origem_externa":null,"data_origem_externa":null,"apelido":"","dias_prazo":null,"data_fim_prazo":null,"em_tramitacao":false,"polemica":false,"objeto":"","complementar":false,"ementa":"Disp\u00f5e sobre a aliena\u00e7\u00e3o de bens im\u00f3veis do Distrito Industrial II - \"Bas\u00edlio Tirolli\" e d\u00e1 outras provid\u00eancias.","indexacao":"","observacao":"","resultado":"","texto_original":"http://saplteste.ceosbrasil.com.br/media/sapl/public/materialegislativa/2023/15245/projeto_lei_complementar_16-2023.pdf","data_ultima_atualizacao":"2023-09-22T16:36:25.852246-03:00","ip":"138.255.216.24","ultima_edicao":"2023-09-07T10:43:16.441307-03:00","tipo":5,"regime_tramitacao":1,"tipo_origem_externa":null,"local_origem_externa":null,"user":5,"anexadas":[15261],"autores":[175]}