{"id":16798,"__str__":"Parecer da Comiss\u00e3o de Educa\u00e7\u00e3o n\u00ba 22 de 2025","metadata":{"signs":{"texto_original":{"admin":[],"autores":[["Antonio Rafael Pepece Junior",["2025-08-04T06:11:07-03:00","ICP-Brasil - Certificado PF A1"]],["Homero Marques Filho",["2025-08-01T11:18:03-03:00","ICP-Brasil - Certificado PF A1"]],["Marcos Antonio Rett Sebrian",["2025-08-01T11:20:28-03:00","ICP-Brasil - Certificado PF A1"]]]}}},"numero":22,"ano":2025,"numero_protocolo":900,"data_apresentacao":"2025-08-04","tipo_apresentacao":"","data_publicacao":null,"numero_origem_externa":"","ano_origem_externa":null,"data_origem_externa":null,"apelido":"","dias_prazo":null,"data_fim_prazo":null,"em_tramitacao":false,"polemica":false,"objeto":"","complementar":false,"ementa":"PL 45-2025","indexacao":"","observacao":"","resultado":"","texto_original":"http://saplteste.ceosbrasil.com.br/media/sapl/public/materialegislativa/2025/16798/31.07_-_pl_45-25_-_dispoe_sobre_aprovacao_do_plano_municipal_de_conservacao_e_recuperacao_da_mata_atlantica_e_cerrado_e_das_a.pdf","data_ultima_atualizacao":"2025-08-04T08:34:17.991798-03:00","ip":"","ultima_edicao":null,"tipo":28,"regime_tramitacao":1,"tipo_origem_externa":null,"local_origem_externa":null,"user":null,"anexadas":[],"autores":[12]}