{"id":17046,"__str__":"Parecer da Comiss\u00e3o de Educa\u00e7\u00e3o n\u00ba 29 de 2025","metadata":{"signs":{"texto_original":{"admin":[],"autores":[["Antonio Rafael Pepece Junior",["2025-10-20T06:14:24-03:00","ICP-Brasil - Certificado PF A1"]],["Homero Marques Filho",["2025-10-17T13:25:17-03:00","ICP-Brasil - Certificado PF A1"]],["Marcos Antonio Rett Sebrian",["2025-10-15T10:12:47-03:00","ICP-Brasil - Certificado PF A1"]]]}}},"numero":29,"ano":2025,"numero_protocolo":1264,"data_apresentacao":"2025-10-20","tipo_apresentacao":"","data_publicacao":null,"numero_origem_externa":"","ano_origem_externa":null,"data_origem_externa":null,"apelido":"","dias_prazo":null,"data_fim_prazo":null,"em_tramitacao":true,"polemica":false,"objeto":"","complementar":false,"ementa":"PL 68-2025","indexacao":"","observacao":"","resultado":"","texto_original":"http://saplteste.ceosbrasil.com.br/media/sapl/public/materialegislativa/2025/17046/14.10_-_pl_68-25_-_dispoe_sobre_a_instituicao_do_programa_de_educacao_para_o_transito_e_circulac.pdf","data_ultima_atualizacao":"2025-10-20T21:27:18.703891-03:00","ip":"","ultima_edicao":null,"tipo":28,"regime_tramitacao":1,"tipo_origem_externa":null,"local_origem_externa":null,"user":null,"anexadas":[],"autores":[12]}