{"id":8358,"__str__":"Mo\u00e7\u00e3o n\u00ba 6 de 2015","metadata":{},"numero":6,"ano":2015,"numero_protocolo":null,"data_apresentacao":"2015-02-02","tipo_apresentacao":"","data_publicacao":null,"numero_origem_externa":"","ano_origem_externa":null,"data_origem_externa":null,"apelido":"","dias_prazo":null,"data_fim_prazo":null,"em_tramitacao":false,"polemica":null,"objeto":"","complementar":null,"ementa":"MO\u00c7\u00c3O DE PARABENIZA\u00c7\u00c3O A SENHORA ISM\u00caNIA MENDES MORAES, PELO APOIO PRESTADO, ATRAV\u00c9S DA PREFEITURA MUNICIPAL, NA REALIZA\u00c7\u00c3O DA 60\u00aa EDI\u00c7\u00c3O DA FESTA DE REIS, QUE ACONTECEU NO DIA 17 DE JANEIRO, NA EST\u00c2NCIA CAPIXINGUI, DE PROPRIEDADE DA FAM\u00cdLIA ZANETTI.","indexacao":"","observacao":"","resultado":"","texto_original":"http://saplteste.ceosbrasil.com.br/media/sapl/public/migrado/materia/8358_texto_integral.pdf","data_ultima_atualizacao":null,"ip":"","ultima_edicao":null,"tipo":7,"regime_tramitacao":1,"tipo_origem_externa":null,"local_origem_externa":null,"user":null,"anexadas":[],"autores":[1,9]}